{"id":2012,"date":"2023-11-13T15:45:12","date_gmt":"2023-11-13T15:45:12","guid":{"rendered":"http:\/\/lavalldecamprodon.online\/?p=2012"},"modified":"2024-08-01T10:53:39","modified_gmt":"2024-08-01T10:53:39","slug":"nova-web-vall-de-camprodon","status":"publish","type":"post","link":"https:\/\/lavalldecamprodon.com\/?p=2012","title":{"rendered":"Nova web Vall de Camprodon"},"content":{"rendered":"\n<p>Camprodon poder presentar-vos la nova web de la Vall vinculada a la creaci\u00f3 de la marca de territori de la Vall de Camprodon.&nbsp;<\/p>\n\n\n\n<p>Es la darrera acci\u00f3 vinculada a la 1era fase de la creaci\u00f3 d\u2019aquesta marca que recordem estava composada de: <strong>PLA ESTRAT\u00c8GIC + IMATGE GR\u00c0FICA + WEB<\/strong>.<\/p>\n\n\n\n<p>La web es presenta amb la possibilitat de triar dos perfils: Primavera\/Estiu o Tardor\/Hivern. Tamb\u00e9 en 4 idiomes i amb 5 apartats funcionant i en constant actualitzaci\u00f3: ARRELS \/ OXIGEN \/ INFORMACI\u00d3 PR\u00c0CTICA \/ DIRECTORI \/ AGENDA. Estar composada de nous continguts, v\u00eddeos, imatges, teasers i apartats per tal de posar en valor la marca i aix\u00ed posicionar al m\u00e0xim la Vall de Camprodon en diferents \u00e0mbits: viure-hi, treballar-hi, gaudir-la, descobrir-la ,etc.<\/p>\n\n\n\n<p>L\u2019AGENDA i el DIRECTORI s\u00f3n dues eines indispensables de la web, que fins ara mai la Vall havia tingut.&nbsp;<\/p>\n\n\n\n<p>Es segueix treballant en una segona fase durant aquest 2023 i es preveu que a principis del 2024 ja estiguin operatius 5 nous apartats: FAVORITS \/ EXPERI\u00c8NCIES \/ XARXES \/ APP \/ NEWSLETTER. Aquesta segona fase s\u2019ha finan\u00e7at amb un ajut NEXT GENERATION i amb les quotes dels socis.<\/p>\n\n\n\n<p>Des de l\u2019entitat esperem que us agradi la nova eina i oberts a qualsevol proposta, ajuda, comentari, aportaci\u00f3, suggeriment per continuar desenvolupant la marca i millorar la web.<\/p>\n\n\n\n<p>A disposar, fem Vall, fem territori.<\/p>\n\n\n\n<p>Web: <a href=\"https:\/\/www.valldecamprodon.online\/ca\" target=\"_blank\" rel=\"noopener\" title=\"\">www.valldecamprodon.online\/ca<\/a><\/p>\n","protected":false},"excerpt":{"rendered":"<p>Camprodon poder presentar-vos la nova web de la Vall vinculada a la creaci\u00f3 de la marca de territori de la Vall de Camprodon.&nbsp; Es la darrera acci\u00f3 vinculada a la 1era fase de la creaci\u00f3 d\u2019aquesta marca que recordem estava composada de: PLA ESTRAT\u00c8GIC + IMATGE GR\u00c0FICA + WEB. La web es presenta amb la [&hellip;]<\/p>\n","protected":false},"author":2,"featured_media":2013,"comment_status":"open","ping_status":"open","sticky":false,"template":"","format":"standard","meta":{"_monsterinsights_skip_tracking":false,"_monsterinsights_sitenote_active":false,"_monsterinsights_sitenote_note":"","_monsterinsights_sitenote_category":0,"footnotes":""},"categories":[35,41],"tags":[],"class_list":["post-2012","post","type-post","status-publish","format-standard","has-post-thumbnail","hentry","category-destacat","category-informatiu"],"aioseo_notices":[],"_links":{"self":[{"href":"https:\/\/lavalldecamprodon.com\/index.php?rest_route=\/wp\/v2\/posts\/2012","targetHints":{"allow":["GET"]}}],"collection":[{"href":"https:\/\/lavalldecamprodon.com\/index.php?rest_route=\/wp\/v2\/posts"}],"about":[{"href":"https:\/\/lavalldecamprodon.com\/index.php?rest_route=\/wp\/v2\/types\/post"}],"author":[{"embeddable":true,"href":"https:\/\/lavalldecamprodon.com\/index.php?rest_route=\/wp\/v2\/users\/2"}],"replies":[{"embeddable":true,"href":"https:\/\/lavalldecamprodon.com\/index.php?rest_route=%2Fwp%2Fv2%2Fcomments&post=2012"}],"version-history":[{"count":2,"href":"https:\/\/lavalldecamprodon.com\/index.php?rest_route=\/wp\/v2\/posts\/2012\/revisions"}],"predecessor-version":[{"id":2017,"href":"https:\/\/lavalldecamprodon.com\/index.php?rest_route=\/wp\/v2\/posts\/2012\/revisions\/2017"}],"wp:featuredmedia":[{"embeddable":true,"href":"https:\/\/lavalldecamprodon.com\/index.php?rest_route=\/wp\/v2\/media\/2013"}],"wp:attachment":[{"href":"https:\/\/lavalldecamprodon.com\/index.php?rest_route=%2Fwp%2Fv2%2Fmedia&parent=2012"}],"wp:term":[{"taxonomy":"category","embeddable":true,"href":"https:\/\/lavalldecamprodon.com\/index.php?rest_route=%2Fwp%2Fv2%2Fcategories&post=2012"},{"taxonomy":"post_tag","embeddable":true,"href":"https:\/\/lavalldecamprodon.com\/index.php?rest_route=%2Fwp%2Fv2%2Ftags&post=2012"}],"curies":[{"name":"wp","href":"https:\/\/api.w.org\/{rel}","templated":true}]}}