{"id":2120,"date":"2022-11-23T09:03:00","date_gmt":"2022-11-23T09:03:00","guid":{"rendered":"http:\/\/lavalldecamprodon.online\/?p=2120"},"modified":"2024-08-02T07:59:46","modified_gmt":"2024-08-02T07:59:46","slug":"respira-compres","status":"publish","type":"post","link":"https:\/\/lavalldecamprodon.com\/?p=2120","title":{"rendered":"Respira compres"},"content":{"rendered":"\n<p>Des de l\u00b4Associaci\u00f3 de Comer\u00e7 i Turisme de la Vall de Camprodon ( ACTVC) us presentem el nou Market Place de la comarca ( un petit Amazon). En aquest espai digital us hi podreu incorporar per tal de poder vendre per Internet a tota la Pen\u00ednsula d\u00b4una forma molt senzilla, econ\u00f2mica i r\u00e0pida. Ja hi han 11 establiments de la Vall de Camprodon que ja hi estan treballant.<\/p>\n\n\n\n<p>Actualment ja estar en funcionament i ja s\u00b4hi pot comprar. De moment hi trobareu 50 establiments de la comarca oferint prop de 1500 productes de tot tipus.<\/p>\n\n\n\n<p>Destacar que el projecte es fruit d\u00b4una col\u00b7laboraci\u00f3 p\u00fablico-privada dins la comarca amb la participaci\u00f3 dels seg\u00fcents entitats i administracions: UIER ( Uni\u00f3 Intersectorial del Ripoll\u00e8s), totes les associacions de comer\u00e7 o unions de botiguers de la comarca ( Ripoll, Campdev\u00e0nol, Sant Joan de les Abadesses, Ribes de Freser i la Vall de Camprodon, el CCR ( Consell Comarcal del Ripoll\u00e8s) i els 5 Ajuntaments grans de la comarca ( Ripoll, Campdev\u00e0nol, Ribes de Freser, Sant Joan de les Abadesses i Camprodon).<\/p>\n\n\n\n<p>Esperem doncs que us serveixi de gran ajuda per seguir fent cam\u00ed en els vostres establiments davant un m\u00f3n cada vegada m\u00e9s canviant i exgient.<\/p>\n\n\n\n<p>Entre tots ho farem tot.<\/p>\n\n\n\n<p>Link:&nbsp;<a href=\"https:\/\/respiradecompresalripolles.com\/\" target=\"_blank\" rel=\"noreferrer noopener\">respiradecompresalripolles.com\/<\/a><\/p>\n","protected":false},"excerpt":{"rendered":"<p>Des de l\u00b4Associaci\u00f3 de Comer\u00e7 i Turisme de la Vall de Camprodon ( ACTVC) us presentem el nou Market Place de la comarca ( un petit Amazon). En aquest espai digital us hi podreu incorporar per tal de poder vendre per Internet a tota la Pen\u00ednsula d\u00b4una forma molt senzilla, econ\u00f2mica i r\u00e0pida. Ja hi [&hellip;]<\/p>\n","protected":false},"author":2,"featured_media":1972,"comment_status":"closed","ping_status":"closed","sticky":false,"template":"","format":"standard","meta":{"_monsterinsights_skip_tracking":false,"_monsterinsights_sitenote_active":false,"_monsterinsights_sitenote_note":"","_monsterinsights_sitenote_category":0,"footnotes":""},"categories":[35,41],"tags":[],"class_list":["post-2120","post","type-post","status-publish","format-standard","has-post-thumbnail","hentry","category-destacat","category-informatiu"],"aioseo_notices":[],"_links":{"self":[{"href":"https:\/\/lavalldecamprodon.com\/index.php?rest_route=\/wp\/v2\/posts\/2120","targetHints":{"allow":["GET"]}}],"collection":[{"href":"https:\/\/lavalldecamprodon.com\/index.php?rest_route=\/wp\/v2\/posts"}],"about":[{"href":"https:\/\/lavalldecamprodon.com\/index.php?rest_route=\/wp\/v2\/types\/post"}],"author":[{"embeddable":true,"href":"https:\/\/lavalldecamprodon.com\/index.php?rest_route=\/wp\/v2\/users\/2"}],"replies":[{"embeddable":true,"href":"https:\/\/lavalldecamprodon.com\/index.php?rest_route=%2Fwp%2Fv2%2Fcomments&post=2120"}],"version-history":[{"count":1,"href":"https:\/\/lavalldecamprodon.com\/index.php?rest_route=\/wp\/v2\/posts\/2120\/revisions"}],"predecessor-version":[{"id":2121,"href":"https:\/\/lavalldecamprodon.com\/index.php?rest_route=\/wp\/v2\/posts\/2120\/revisions\/2121"}],"wp:featuredmedia":[{"embeddable":true,"href":"https:\/\/lavalldecamprodon.com\/index.php?rest_route=\/wp\/v2\/media\/1972"}],"wp:attachment":[{"href":"https:\/\/lavalldecamprodon.com\/index.php?rest_route=%2Fwp%2Fv2%2Fmedia&parent=2120"}],"wp:term":[{"taxonomy":"category","embeddable":true,"href":"https:\/\/lavalldecamprodon.com\/index.php?rest_route=%2Fwp%2Fv2%2Fcategories&post=2120"},{"taxonomy":"post_tag","embeddable":true,"href":"https:\/\/lavalldecamprodon.com\/index.php?rest_route=%2Fwp%2Fv2%2Ftags&post=2120"}],"curies":[{"name":"wp","href":"https:\/\/api.w.org\/{rel}","templated":true}]}}