{"id":2340,"date":"2020-06-13T14:37:00","date_gmt":"2020-06-13T14:37:00","guid":{"rendered":"http:\/\/lavalldecamprodon.online\/?p=2340"},"modified":"2024-05-13T14:59:54","modified_gmt":"2024-05-13T14:59:54","slug":"trenet-turistic-estiu-2020","status":"publish","type":"post","link":"https:\/\/lavalldecamprodon.com\/?p=2340","title":{"rendered":"Trenet Tur\u00edstic &#8211; Estiu 2020"},"content":{"rendered":"\n<p>El Trenet Tur\u00edstic de la Vall de Camprodon torna aquest estiu amb 7 rutes diferents perqu\u00e8 no et perdis cap rac\u00f3 emblem\u00e0tic de la vall. Podr\u00e0s triar entre els seg\u00fcents recorreguts: Camprodon &#8211; Vila; Sant Pau de Seg\u00faries &#8211; El Remei &#8211; Via Romana; Llanars &#8211; La Roca &#8211; Abella; Moll\u00f3 &#8211; Espinavell; Vilallonga de Ter &#8211; Tregur\u00e0; Font Rub\u00ed &#8211; Rocabruna &#8211; Alta Garrotxa; i Setcases.<\/p>\n\n\n\n<p><strong>Del 18 de Juliol al 13 de Setembre\u00a0<br>7 rutes diferents!\u00a0<\/strong><\/p>\n\n\n\n<p><a href=\"http:\/\/\u200btrenet.lavalldecamprodon.com\" target=\"_blank\" rel=\"noopener\" title=\"\">\u200btrenet.lavalldecamprodon.com<\/a><\/p>\n","protected":false},"excerpt":{"rendered":"<p>El Trenet Tur\u00edstic de la Vall de Camprodon torna aquest estiu amb 7 rutes diferents perqu\u00e8 no et perdis cap rac\u00f3 emblem\u00e0tic de la vall. Podr\u00e0s triar entre els seg\u00fcents recorreguts: Camprodon &#8211; Vila; Sant Pau de Seg\u00faries &#8211; El Remei &#8211; Via Romana; Llanars &#8211; La Roca &#8211; Abella; Moll\u00f3 &#8211; Espinavell; Vilallonga de [&hellip;]<\/p>\n","protected":false},"author":2,"featured_media":0,"comment_status":"closed","ping_status":"closed","sticky":false,"template":"","format":"standard","meta":{"_monsterinsights_skip_tracking":false,"_monsterinsights_sitenote_active":false,"_monsterinsights_sitenote_note":"","_monsterinsights_sitenote_category":0,"footnotes":""},"categories":[39],"tags":[],"class_list":["post-2340","post","type-post","status-publish","format-standard","hentry","category-activitats"],"aioseo_notices":[],"_links":{"self":[{"href":"https:\/\/lavalldecamprodon.com\/index.php?rest_route=\/wp\/v2\/posts\/2340","targetHints":{"allow":["GET"]}}],"collection":[{"href":"https:\/\/lavalldecamprodon.com\/index.php?rest_route=\/wp\/v2\/posts"}],"about":[{"href":"https:\/\/lavalldecamprodon.com\/index.php?rest_route=\/wp\/v2\/types\/post"}],"author":[{"embeddable":true,"href":"https:\/\/lavalldecamprodon.com\/index.php?rest_route=\/wp\/v2\/users\/2"}],"replies":[{"embeddable":true,"href":"https:\/\/lavalldecamprodon.com\/index.php?rest_route=%2Fwp%2Fv2%2Fcomments&post=2340"}],"version-history":[{"count":4,"href":"https:\/\/lavalldecamprodon.com\/index.php?rest_route=\/wp\/v2\/posts\/2340\/revisions"}],"predecessor-version":[{"id":2730,"href":"https:\/\/lavalldecamprodon.com\/index.php?rest_route=\/wp\/v2\/posts\/2340\/revisions\/2730"}],"wp:attachment":[{"href":"https:\/\/lavalldecamprodon.com\/index.php?rest_route=%2Fwp%2Fv2%2Fmedia&parent=2340"}],"wp:term":[{"taxonomy":"category","embeddable":true,"href":"https:\/\/lavalldecamprodon.com\/index.php?rest_route=%2Fwp%2Fv2%2Fcategories&post=2340"},{"taxonomy":"post_tag","embeddable":true,"href":"https:\/\/lavalldecamprodon.com\/index.php?rest_route=%2Fwp%2Fv2%2Ftags&post=2340"}],"curies":[{"name":"wp","href":"https:\/\/api.w.org\/{rel}","templated":true}]}}