{"id":2345,"date":"2020-06-10T16:22:00","date_gmt":"2020-06-10T16:22:00","guid":{"rendered":"http:\/\/lavalldecamprodon.online\/?p=2345"},"modified":"2024-03-11T16:24:30","modified_gmt":"2024-03-11T16:24:30","slug":"mascaretes-actvc","status":"publish","type":"post","link":"https:\/\/lavalldecamprodon.com\/?p=2345","title":{"rendered":"Mascaretes ACTVC"},"content":{"rendered":"\n<p>L\u00b4ACTVC amb la valuosa col\u00b7laboraci\u00f3 del Institut Abat Oliba de Ripoll ( www.insabatoliba.cat ), la UIER ( Uni\u00f3 Intersectorial del Ripoll\u00e8s; www. uier.org) i la Fundaci\u00f3 Eduard Soler ( www.fes.cat) estar repartint mascares amb pantalla i salvaorelles de forma gratu\u00efta entre tots els establiments de la Vall que aix\u00ed ho sol\u00b7liciten. Son mascares i salvaorelles gratu\u00eftes, molt pr\u00e0ctiques i de f\u00e0cil \u00fas.&nbsp;<\/p>\n\n\n\n<p>Pels que estigueu interessats podeu posar-vos en contacte amb en Xavi Junc\u00e0. M: 609 546 303; Mail: xjunca@economistes.com<\/p>\n","protected":false},"excerpt":{"rendered":"<p>L\u00b4ACTVC amb la valuosa col\u00b7laboraci\u00f3 del Institut Abat Oliba de Ripoll ( www.insabatoliba.cat ), la UIER ( Uni\u00f3 Intersectorial del Ripoll\u00e8s; www. uier.org) i la Fundaci\u00f3 Eduard Soler ( www.fes.cat) estar repartint mascares amb pantalla i salvaorelles de forma gratu\u00efta entre tots els establiments de la Vall que aix\u00ed ho sol\u00b7liciten. Son mascares i salvaorelles [&hellip;]<\/p>\n","protected":false},"author":2,"featured_media":2346,"comment_status":"closed","ping_status":"closed","sticky":false,"template":"","format":"standard","meta":{"_monsterinsights_skip_tracking":false,"_monsterinsights_sitenote_active":false,"_monsterinsights_sitenote_note":"","_monsterinsights_sitenote_category":0,"footnotes":""},"categories":[40],"tags":[],"class_list":["post-2345","post","type-post","status-publish","format-standard","has-post-thumbnail","hentry","category-accions"],"aioseo_notices":[],"_links":{"self":[{"href":"https:\/\/lavalldecamprodon.com\/index.php?rest_route=\/wp\/v2\/posts\/2345","targetHints":{"allow":["GET"]}}],"collection":[{"href":"https:\/\/lavalldecamprodon.com\/index.php?rest_route=\/wp\/v2\/posts"}],"about":[{"href":"https:\/\/lavalldecamprodon.com\/index.php?rest_route=\/wp\/v2\/types\/post"}],"author":[{"embeddable":true,"href":"https:\/\/lavalldecamprodon.com\/index.php?rest_route=\/wp\/v2\/users\/2"}],"replies":[{"embeddable":true,"href":"https:\/\/lavalldecamprodon.com\/index.php?rest_route=%2Fwp%2Fv2%2Fcomments&post=2345"}],"version-history":[{"count":1,"href":"https:\/\/lavalldecamprodon.com\/index.php?rest_route=\/wp\/v2\/posts\/2345\/revisions"}],"predecessor-version":[{"id":2347,"href":"https:\/\/lavalldecamprodon.com\/index.php?rest_route=\/wp\/v2\/posts\/2345\/revisions\/2347"}],"wp:featuredmedia":[{"embeddable":true,"href":"https:\/\/lavalldecamprodon.com\/index.php?rest_route=\/wp\/v2\/media\/2346"}],"wp:attachment":[{"href":"https:\/\/lavalldecamprodon.com\/index.php?rest_route=%2Fwp%2Fv2%2Fmedia&parent=2345"}],"wp:term":[{"taxonomy":"category","embeddable":true,"href":"https:\/\/lavalldecamprodon.com\/index.php?rest_route=%2Fwp%2Fv2%2Fcategories&post=2345"},{"taxonomy":"post_tag","embeddable":true,"href":"https:\/\/lavalldecamprodon.com\/index.php?rest_route=%2Fwp%2Fv2%2Ftags&post=2345"}],"curies":[{"name":"wp","href":"https:\/\/api.w.org\/{rel}","templated":true}]}}