{"id":2368,"date":"2019-10-01T16:35:00","date_gmt":"2019-10-01T16:35:00","guid":{"rendered":"http:\/\/lavalldecamprodon.online\/?p=2368"},"modified":"2024-03-11T16:37:27","modified_gmt":"2024-03-11T16:37:27","slug":"exit-del-trenet-turistic","status":"publish","type":"post","link":"https:\/\/lavalldecamprodon.com\/?p=2368","title":{"rendered":"\u00c8xit del Trenet Tur\u00edstic"},"content":{"rendered":"\n<p>M\u00e9s de 4.000 persones<\/p>\n\n\n\n<p>M\u00e9s de 4.000 persones han viatjat en el trenet tur\u00edstic de la Vall de Camprodon durant la temporada d\u2019estiu.<\/p>\n\n\n\n<p>El trenet tur\u00edstic de la Vall de Camprodon torna a batre r\u00e8cords. Aquest estiu, m\u00e9s de 4.000 persones han pujat a l\u2019atracci\u00f3 tur\u00edstica: mil persones m\u00e9s que l\u2019any passat, fet que representa un increment del 25%. Concretament, de les 4042 persones que han pujat al tren, un 38% s\u00f3n infants i un 62% adults. Per m\u00e9s detall, al voltant d\u2019un 20% ha pujat durant les rutes organitzades als matins, mentre que un 80% a la ruta de Camprodon Vila.<\/p>\n","protected":false},"excerpt":{"rendered":"<p>M\u00e9s de 4.000 persones M\u00e9s de 4.000 persones han viatjat en el trenet tur\u00edstic de la Vall de Camprodon durant la temporada d\u2019estiu. El trenet tur\u00edstic de la Vall de Camprodon torna a batre r\u00e8cords. Aquest estiu, m\u00e9s de 4.000 persones han pujat a l\u2019atracci\u00f3 tur\u00edstica: mil persones m\u00e9s que l\u2019any passat, fet que representa [&hellip;]<\/p>\n","protected":false},"author":2,"featured_media":2369,"comment_status":"closed","ping_status":"closed","sticky":false,"template":"","format":"standard","meta":{"_monsterinsights_skip_tracking":false,"_monsterinsights_sitenote_active":false,"_monsterinsights_sitenote_note":"","_monsterinsights_sitenote_category":0,"footnotes":""},"categories":[40],"tags":[],"class_list":["post-2368","post","type-post","status-publish","format-standard","has-post-thumbnail","hentry","category-accions"],"aioseo_notices":[],"_links":{"self":[{"href":"https:\/\/lavalldecamprodon.com\/index.php?rest_route=\/wp\/v2\/posts\/2368","targetHints":{"allow":["GET"]}}],"collection":[{"href":"https:\/\/lavalldecamprodon.com\/index.php?rest_route=\/wp\/v2\/posts"}],"about":[{"href":"https:\/\/lavalldecamprodon.com\/index.php?rest_route=\/wp\/v2\/types\/post"}],"author":[{"embeddable":true,"href":"https:\/\/lavalldecamprodon.com\/index.php?rest_route=\/wp\/v2\/users\/2"}],"replies":[{"embeddable":true,"href":"https:\/\/lavalldecamprodon.com\/index.php?rest_route=%2Fwp%2Fv2%2Fcomments&post=2368"}],"version-history":[{"count":1,"href":"https:\/\/lavalldecamprodon.com\/index.php?rest_route=\/wp\/v2\/posts\/2368\/revisions"}],"predecessor-version":[{"id":2370,"href":"https:\/\/lavalldecamprodon.com\/index.php?rest_route=\/wp\/v2\/posts\/2368\/revisions\/2370"}],"wp:featuredmedia":[{"embeddable":true,"href":"https:\/\/lavalldecamprodon.com\/index.php?rest_route=\/wp\/v2\/media\/2369"}],"wp:attachment":[{"href":"https:\/\/lavalldecamprodon.com\/index.php?rest_route=%2Fwp%2Fv2%2Fmedia&parent=2368"}],"wp:term":[{"taxonomy":"category","embeddable":true,"href":"https:\/\/lavalldecamprodon.com\/index.php?rest_route=%2Fwp%2Fv2%2Fcategories&post=2368"},{"taxonomy":"post_tag","embeddable":true,"href":"https:\/\/lavalldecamprodon.com\/index.php?rest_route=%2Fwp%2Fv2%2Ftags&post=2368"}],"curies":[{"name":"wp","href":"https:\/\/api.w.org\/{rel}","templated":true}]}}