{"id":2526,"date":"2016-07-09T13:50:00","date_gmt":"2016-07-09T13:50:00","guid":{"rendered":"http:\/\/lavalldecamprodon.online\/?p=2526"},"modified":"2024-04-24T13:52:06","modified_gmt":"2024-04-24T13:52:06","slug":"fira-de-dibuix-i-artesania","status":"publish","type":"post","link":"https:\/\/lavalldecamprodon.com\/?p=2526","title":{"rendered":"Fira de Dibuix i Artesania"},"content":{"rendered":"\n<p>El proper dissabte 30 i diumenge 31 de juliol es dur\u00e0 a terme la Fira de Dibuix i Artesania de Camprodon, en el marc de la iniciativa \u201cCamprodon Essential\u201d.\u00a0<\/p>\n\n\n\n<p><br>Com els anys anteriors la fira tindr\u00e0 lloc a la pla\u00e7a Santa Maria. El dissabte es podr\u00e0 visitar de forma interrompuda des de les 10 del mat\u00ed fins a les 20 h i diumenge, de 10 a 18 h.<\/p>\n\n\n\n<p>Resum de l\u00b4activitat:<br>Dissabte 30 de juliol: de 10 a 20 h<br>Diumenge 31 de juliol: de 10 a 18 h<br>Lloc: Pla\u00e7a Santa Maria\u00a0<\/p>\n","protected":false},"excerpt":{"rendered":"<p>El proper dissabte 30 i diumenge 31 de juliol es dur\u00e0 a terme la Fira de Dibuix i Artesania de Camprodon, en el marc de la iniciativa \u201cCamprodon Essential\u201d.\u00a0 Com els anys anteriors la fira tindr\u00e0 lloc a la pla\u00e7a Santa Maria. El dissabte es podr\u00e0 visitar de forma interrompuda des de les 10 del [&hellip;]<\/p>\n","protected":false},"author":2,"featured_media":2527,"comment_status":"closed","ping_status":"closed","sticky":false,"template":"","format":"standard","meta":{"_monsterinsights_skip_tracking":false,"_monsterinsights_sitenote_active":false,"_monsterinsights_sitenote_note":"","_monsterinsights_sitenote_category":0,"footnotes":""},"categories":[38],"tags":[],"class_list":["post-2526","post","type-post","status-publish","format-standard","has-post-thumbnail","hentry","category-fires"],"aioseo_notices":[],"_links":{"self":[{"href":"https:\/\/lavalldecamprodon.com\/index.php?rest_route=\/wp\/v2\/posts\/2526","targetHints":{"allow":["GET"]}}],"collection":[{"href":"https:\/\/lavalldecamprodon.com\/index.php?rest_route=\/wp\/v2\/posts"}],"about":[{"href":"https:\/\/lavalldecamprodon.com\/index.php?rest_route=\/wp\/v2\/types\/post"}],"author":[{"embeddable":true,"href":"https:\/\/lavalldecamprodon.com\/index.php?rest_route=\/wp\/v2\/users\/2"}],"replies":[{"embeddable":true,"href":"https:\/\/lavalldecamprodon.com\/index.php?rest_route=%2Fwp%2Fv2%2Fcomments&post=2526"}],"version-history":[{"count":1,"href":"https:\/\/lavalldecamprodon.com\/index.php?rest_route=\/wp\/v2\/posts\/2526\/revisions"}],"predecessor-version":[{"id":2528,"href":"https:\/\/lavalldecamprodon.com\/index.php?rest_route=\/wp\/v2\/posts\/2526\/revisions\/2528"}],"wp:featuredmedia":[{"embeddable":true,"href":"https:\/\/lavalldecamprodon.com\/index.php?rest_route=\/wp\/v2\/media\/2527"}],"wp:attachment":[{"href":"https:\/\/lavalldecamprodon.com\/index.php?rest_route=%2Fwp%2Fv2%2Fmedia&parent=2526"}],"wp:term":[{"taxonomy":"category","embeddable":true,"href":"https:\/\/lavalldecamprodon.com\/index.php?rest_route=%2Fwp%2Fv2%2Fcategories&post=2526"},{"taxonomy":"post_tag","embeddable":true,"href":"https:\/\/lavalldecamprodon.com\/index.php?rest_route=%2Fwp%2Fv2%2Ftags&post=2526"}],"curies":[{"name":"wp","href":"https:\/\/api.w.org\/{rel}","templated":true}]}}