{"id":2529,"date":"2016-06-25T13:52:00","date_gmt":"2016-06-25T13:52:00","guid":{"rendered":"http:\/\/lavalldecamprodon.online\/?p=2529"},"modified":"2024-04-24T13:53:07","modified_gmt":"2024-04-24T13:53:07","slug":"botiga-al-carrer-2016","status":"publish","type":"post","link":"https:\/\/lavalldecamprodon.com\/?p=2529","title":{"rendered":"Botiga al carrer 2016"},"content":{"rendered":"\n<p>30 i 31 de Juliol&nbsp;<\/p>\n\n\n\n<p>Un any m\u00e9s, torna la Botiga al Carrer a Camprodon. Aquesta sisena edici\u00f3, que s\u2019emmarca dins del \u201cCamprodon Essential\u201d, tindr\u00e0 lloc l\u2019\u00faltim cap de setmana de juliol, concretament els dies 30 i 31.<br>Durant aquests dos dies els comer\u00e7os sortiran al carrer i exposaran els seus productes perqu\u00e8 els visitants puguin fer les seves compres mentre passegen per la vila.<\/p>\n","protected":false},"excerpt":{"rendered":"<p>30 i 31 de Juliol&nbsp; Un any m\u00e9s, torna la Botiga al Carrer a Camprodon. Aquesta sisena edici\u00f3, que s\u2019emmarca dins del \u201cCamprodon Essential\u201d, tindr\u00e0 lloc l\u2019\u00faltim cap de setmana de juliol, concretament els dies 30 i 31.Durant aquests dos dies els comer\u00e7os sortiran al carrer i exposaran els seus productes perqu\u00e8 els visitants puguin [&hellip;]<\/p>\n","protected":false},"author":2,"featured_media":2530,"comment_status":"closed","ping_status":"closed","sticky":false,"template":"","format":"standard","meta":{"_monsterinsights_skip_tracking":false,"_monsterinsights_sitenote_active":false,"_monsterinsights_sitenote_note":"","_monsterinsights_sitenote_category":0,"footnotes":""},"categories":[39],"tags":[],"class_list":["post-2529","post","type-post","status-publish","format-standard","has-post-thumbnail","hentry","category-activitats"],"aioseo_notices":[],"_links":{"self":[{"href":"https:\/\/lavalldecamprodon.com\/index.php?rest_route=\/wp\/v2\/posts\/2529","targetHints":{"allow":["GET"]}}],"collection":[{"href":"https:\/\/lavalldecamprodon.com\/index.php?rest_route=\/wp\/v2\/posts"}],"about":[{"href":"https:\/\/lavalldecamprodon.com\/index.php?rest_route=\/wp\/v2\/types\/post"}],"author":[{"embeddable":true,"href":"https:\/\/lavalldecamprodon.com\/index.php?rest_route=\/wp\/v2\/users\/2"}],"replies":[{"embeddable":true,"href":"https:\/\/lavalldecamprodon.com\/index.php?rest_route=%2Fwp%2Fv2%2Fcomments&post=2529"}],"version-history":[{"count":1,"href":"https:\/\/lavalldecamprodon.com\/index.php?rest_route=\/wp\/v2\/posts\/2529\/revisions"}],"predecessor-version":[{"id":2531,"href":"https:\/\/lavalldecamprodon.com\/index.php?rest_route=\/wp\/v2\/posts\/2529\/revisions\/2531"}],"wp:featuredmedia":[{"embeddable":true,"href":"https:\/\/lavalldecamprodon.com\/index.php?rest_route=\/wp\/v2\/media\/2530"}],"wp:attachment":[{"href":"https:\/\/lavalldecamprodon.com\/index.php?rest_route=%2Fwp%2Fv2%2Fmedia&parent=2529"}],"wp:term":[{"taxonomy":"category","embeddable":true,"href":"https:\/\/lavalldecamprodon.com\/index.php?rest_route=%2Fwp%2Fv2%2Fcategories&post=2529"},{"taxonomy":"post_tag","embeddable":true,"href":"https:\/\/lavalldecamprodon.com\/index.php?rest_route=%2Fwp%2Fv2%2Ftags&post=2529"}],"curies":[{"name":"wp","href":"https:\/\/api.w.org\/{rel}","templated":true}]}}