{"id":2552,"date":"2015-11-10T14:42:00","date_gmt":"2015-11-10T14:42:00","guid":{"rendered":"http:\/\/lavalldecamprodon.online\/?p=2552"},"modified":"2024-04-29T14:43:44","modified_gmt":"2024-04-29T14:43:44","slug":"el-pare-noel","status":"publish","type":"post","link":"https:\/\/lavalldecamprodon.com\/?p=2552","title":{"rendered":"El Pare Noel"},"content":{"rendered":"\n<p>A partir del diumenge 6 i fins el proper 24 de desembre, el Pare Noel passejar\u00e0 pel centre de la vila de Camprodon (a la zona comercial). No perdis l\u2019oportunitat de veure\u2019l!\u00a0<br>A m\u00e9s, el centre comercial comptar\u00e0 amb megafonia nadalenca i la Coral Brins actuar\u00e0 el proper 30 de desembre a les 18:30.<\/p>\n\n\n\n<p>Pare Noel. Dies. Mat\u00ed: 6, 8, 13, 20, 21 i 24. Tarda: 7, 12, 19, 22 i 23<br>Coral Brins: 30 de desembre a les 18:30 h<\/p>\n","protected":false},"excerpt":{"rendered":"<p>A partir del diumenge 6 i fins el proper 24 de desembre, el Pare Noel passejar\u00e0 pel centre de la vila de Camprodon (a la zona comercial). No perdis l\u2019oportunitat de veure\u2019l!\u00a0A m\u00e9s, el centre comercial comptar\u00e0 amb megafonia nadalenca i la Coral Brins actuar\u00e0 el proper 30 de desembre a les 18:30. Pare Noel. [&hellip;]<\/p>\n","protected":false},"author":2,"featured_media":2553,"comment_status":"closed","ping_status":"closed","sticky":false,"template":"","format":"standard","meta":{"_monsterinsights_skip_tracking":false,"_monsterinsights_sitenote_active":false,"_monsterinsights_sitenote_note":"","_monsterinsights_sitenote_category":0,"footnotes":""},"categories":[39],"tags":[],"class_list":["post-2552","post","type-post","status-publish","format-standard","has-post-thumbnail","hentry","category-activitats"],"aioseo_notices":[],"_links":{"self":[{"href":"https:\/\/lavalldecamprodon.com\/index.php?rest_route=\/wp\/v2\/posts\/2552","targetHints":{"allow":["GET"]}}],"collection":[{"href":"https:\/\/lavalldecamprodon.com\/index.php?rest_route=\/wp\/v2\/posts"}],"about":[{"href":"https:\/\/lavalldecamprodon.com\/index.php?rest_route=\/wp\/v2\/types\/post"}],"author":[{"embeddable":true,"href":"https:\/\/lavalldecamprodon.com\/index.php?rest_route=\/wp\/v2\/users\/2"}],"replies":[{"embeddable":true,"href":"https:\/\/lavalldecamprodon.com\/index.php?rest_route=%2Fwp%2Fv2%2Fcomments&post=2552"}],"version-history":[{"count":1,"href":"https:\/\/lavalldecamprodon.com\/index.php?rest_route=\/wp\/v2\/posts\/2552\/revisions"}],"predecessor-version":[{"id":2554,"href":"https:\/\/lavalldecamprodon.com\/index.php?rest_route=\/wp\/v2\/posts\/2552\/revisions\/2554"}],"wp:featuredmedia":[{"embeddable":true,"href":"https:\/\/lavalldecamprodon.com\/index.php?rest_route=\/wp\/v2\/media\/2553"}],"wp:attachment":[{"href":"https:\/\/lavalldecamprodon.com\/index.php?rest_route=%2Fwp%2Fv2%2Fmedia&parent=2552"}],"wp:term":[{"taxonomy":"category","embeddable":true,"href":"https:\/\/lavalldecamprodon.com\/index.php?rest_route=%2Fwp%2Fv2%2Fcategories&post=2552"},{"taxonomy":"post_tag","embeddable":true,"href":"https:\/\/lavalldecamprodon.com\/index.php?rest_route=%2Fwp%2Fv2%2Ftags&post=2552"}],"curies":[{"name":"wp","href":"https:\/\/api.w.org\/{rel}","templated":true}]}}