{"id":2570,"date":"2015-03-01T14:50:00","date_gmt":"2015-03-01T14:50:00","guid":{"rendered":"http:\/\/lavalldecamprodon.online\/?p=2570"},"modified":"2024-04-29T14:51:44","modified_gmt":"2024-04-29T14:51:44","slug":"el-trenet-turistic-per-setmana-santa-15","status":"publish","type":"post","link":"https:\/\/lavalldecamprodon.com\/?p=2570","title":{"rendered":"El Trenet Tur\u00edstic per Setmana Santa &#8217;15"},"content":{"rendered":"\n<p>Ruta tur\u00edstica a la Vall de Camprodon per Setmana Santa. Amb el recorregut del trenet tur\u00edstic, d\u00b4uns 45 minuts de durada, podr\u00e0s gaudir de 26 punts d\u2019inter\u00e8s! Aprofita la Setmana Santa i descobreix la Vall a bord del Trenet Tur\u00edstic!&nbsp;<\/p>\n\n\n\n<p>Ruta tur\u00edstica a la Vall de Camprodon per Setmana Santa.<br>Amb el recorregut del trenet tur\u00edstic, d\u00b4uns 45 minuts de durada, podr\u00e0s gaudir de 26 punts d\u2019inter\u00e8s!<\/p>\n","protected":false},"excerpt":{"rendered":"<p>Ruta tur\u00edstica a la Vall de Camprodon per Setmana Santa. Amb el recorregut del trenet tur\u00edstic, d\u00b4uns 45 minuts de durada, podr\u00e0s gaudir de 26 punts d\u2019inter\u00e8s! Aprofita la Setmana Santa i descobreix la Vall a bord del Trenet Tur\u00edstic!&nbsp; Ruta tur\u00edstica a la Vall de Camprodon per Setmana Santa.Amb el recorregut del trenet tur\u00edstic, [&hellip;]<\/p>\n","protected":false},"author":2,"featured_media":2571,"comment_status":"closed","ping_status":"closed","sticky":false,"template":"","format":"standard","meta":{"_monsterinsights_skip_tracking":false,"_monsterinsights_sitenote_active":false,"_monsterinsights_sitenote_note":"","_monsterinsights_sitenote_category":0,"footnotes":""},"categories":[39],"tags":[],"class_list":["post-2570","post","type-post","status-publish","format-standard","has-post-thumbnail","hentry","category-activitats"],"aioseo_notices":[],"_links":{"self":[{"href":"https:\/\/lavalldecamprodon.com\/index.php?rest_route=\/wp\/v2\/posts\/2570","targetHints":{"allow":["GET"]}}],"collection":[{"href":"https:\/\/lavalldecamprodon.com\/index.php?rest_route=\/wp\/v2\/posts"}],"about":[{"href":"https:\/\/lavalldecamprodon.com\/index.php?rest_route=\/wp\/v2\/types\/post"}],"author":[{"embeddable":true,"href":"https:\/\/lavalldecamprodon.com\/index.php?rest_route=\/wp\/v2\/users\/2"}],"replies":[{"embeddable":true,"href":"https:\/\/lavalldecamprodon.com\/index.php?rest_route=%2Fwp%2Fv2%2Fcomments&post=2570"}],"version-history":[{"count":2,"href":"https:\/\/lavalldecamprodon.com\/index.php?rest_route=\/wp\/v2\/posts\/2570\/revisions"}],"predecessor-version":[{"id":2573,"href":"https:\/\/lavalldecamprodon.com\/index.php?rest_route=\/wp\/v2\/posts\/2570\/revisions\/2573"}],"wp:featuredmedia":[{"embeddable":true,"href":"https:\/\/lavalldecamprodon.com\/index.php?rest_route=\/wp\/v2\/media\/2571"}],"wp:attachment":[{"href":"https:\/\/lavalldecamprodon.com\/index.php?rest_route=%2Fwp%2Fv2%2Fmedia&parent=2570"}],"wp:term":[{"taxonomy":"category","embeddable":true,"href":"https:\/\/lavalldecamprodon.com\/index.php?rest_route=%2Fwp%2Fv2%2Fcategories&post=2570"},{"taxonomy":"post_tag","embeddable":true,"href":"https:\/\/lavalldecamprodon.com\/index.php?rest_route=%2Fwp%2Fv2%2Ftags&post=2570"}],"curies":[{"name":"wp","href":"https:\/\/api.w.org\/{rel}","templated":true}]}}