{"id":2574,"date":"2015-02-27T14:51:00","date_gmt":"2015-02-27T14:51:00","guid":{"rendered":"http:\/\/lavalldecamprodon.online\/?p=2574"},"modified":"2024-04-29T14:52:39","modified_gmt":"2024-04-29T14:52:39","slug":"nou-espot-publicitari-de-lactvc","status":"publish","type":"post","link":"https:\/\/lavalldecamprodon.com\/?p=2574","title":{"rendered":"Nou espot publicitari de l\u2019ACTVC"},"content":{"rendered":"\n<p>L\u2019Associaci\u00f3 de Comer\u00e7 i Turisme de la Vall de Camprodon realitza una nova campanya publicit\u00e0ria per estimular el turisme de la zona.&nbsp;<\/p>\n\n\n\n<p>El nou anunci, que s\u2019emetr\u00e0 per 8tv durant el mes de mar\u00e7, t\u00e9 com a objectiu promocionar tot el conjunt de la Vall de Camprodon aix\u00ed com l\u2019acte central de la Setmana Santa a la Vall: la Process\u00f3 dels Sants Misteris. \u00c9s per aix\u00f2 que l\u00b4espot incorpora imatges d\u00b4aquest acte, que aquest 2015 preveu atraure nous visitants.<\/p>\n","protected":false},"excerpt":{"rendered":"<p>L\u2019Associaci\u00f3 de Comer\u00e7 i Turisme de la Vall de Camprodon realitza una nova campanya publicit\u00e0ria per estimular el turisme de la zona.&nbsp; El nou anunci, que s\u2019emetr\u00e0 per 8tv durant el mes de mar\u00e7, t\u00e9 com a objectiu promocionar tot el conjunt de la Vall de Camprodon aix\u00ed com l\u2019acte central de la Setmana Santa [&hellip;]<\/p>\n","protected":false},"author":2,"featured_media":2575,"comment_status":"closed","ping_status":"closed","sticky":false,"template":"","format":"standard","meta":{"_monsterinsights_skip_tracking":false,"_monsterinsights_sitenote_active":false,"_monsterinsights_sitenote_note":"","_monsterinsights_sitenote_category":0,"footnotes":""},"categories":[40],"tags":[],"class_list":["post-2574","post","type-post","status-publish","format-standard","has-post-thumbnail","hentry","category-accions"],"aioseo_notices":[],"_links":{"self":[{"href":"https:\/\/lavalldecamprodon.com\/index.php?rest_route=\/wp\/v2\/posts\/2574","targetHints":{"allow":["GET"]}}],"collection":[{"href":"https:\/\/lavalldecamprodon.com\/index.php?rest_route=\/wp\/v2\/posts"}],"about":[{"href":"https:\/\/lavalldecamprodon.com\/index.php?rest_route=\/wp\/v2\/types\/post"}],"author":[{"embeddable":true,"href":"https:\/\/lavalldecamprodon.com\/index.php?rest_route=\/wp\/v2\/users\/2"}],"replies":[{"embeddable":true,"href":"https:\/\/lavalldecamprodon.com\/index.php?rest_route=%2Fwp%2Fv2%2Fcomments&post=2574"}],"version-history":[{"count":1,"href":"https:\/\/lavalldecamprodon.com\/index.php?rest_route=\/wp\/v2\/posts\/2574\/revisions"}],"predecessor-version":[{"id":2576,"href":"https:\/\/lavalldecamprodon.com\/index.php?rest_route=\/wp\/v2\/posts\/2574\/revisions\/2576"}],"wp:featuredmedia":[{"embeddable":true,"href":"https:\/\/lavalldecamprodon.com\/index.php?rest_route=\/wp\/v2\/media\/2575"}],"wp:attachment":[{"href":"https:\/\/lavalldecamprodon.com\/index.php?rest_route=%2Fwp%2Fv2%2Fmedia&parent=2574"}],"wp:term":[{"taxonomy":"category","embeddable":true,"href":"https:\/\/lavalldecamprodon.com\/index.php?rest_route=%2Fwp%2Fv2%2Fcategories&post=2574"},{"taxonomy":"post_tag","embeddable":true,"href":"https:\/\/lavalldecamprodon.com\/index.php?rest_route=%2Fwp%2Fv2%2Ftags&post=2574"}],"curies":[{"name":"wp","href":"https:\/\/api.w.org\/{rel}","templated":true}]}}