{"id":2580,"date":"2014-12-12T14:53:00","date_gmt":"2014-12-12T14:53:00","guid":{"rendered":"http:\/\/lavalldecamprodon.online\/?p=2580"},"modified":"2024-04-29T14:55:55","modified_gmt":"2024-04-29T14:55:55","slug":"campanya-publicitaria-per-potenciar-el-turisme-de-la-vall","status":"publish","type":"post","link":"https:\/\/lavalldecamprodon.com\/?p=2580","title":{"rendered":"Campanya publicit\u00e0ria per potenciar el turisme de la Vall"},"content":{"rendered":"\n<p>L\u2019Associaci\u00f3 de Comer\u00e7 i Turisme de la Vall de Camprodon juntament amb l\u2019Estaci\u00f3 d\u2019Esqu\u00ed Vallter 2000 realitzen durant els mesos d\u2019hivern una campanya publicit\u00e0ria a 8tv per potenciar els atractius de la Vall amb anuncis de 20 i 30&#8230;<\/p>\n\n\n\n<p>L\u2019Associaci\u00f3 de Comer\u00e7 i Turisme de la Vall de Camprodon juntament amb l\u2019Estaci\u00f3 d\u2019Esqu\u00ed Vallter 2000 realitzen durant els mesos d\u2019hivern una campanya publicit\u00e0ria a 8tv per potenciar els atractius de la Vall amb anuncis de 20 i 30 segons.<\/p>\n\n\n\n<p>La campanya s\u2019emetr\u00e0 fins el mes de mar\u00e7 i pret\u00e9n estimular el turisme de la zona destacant totes les seves vessants: espais naturals amb m\u00e9s de 150 fonts, patrimoni hist\u00f2ric i cultural, 15 Km de pistes d\u2019esqu\u00ed a Vallter 2000 i una \u00e0mplia oferta gastron\u00f2mica.&nbsp;<\/p>\n\n\n\n<p>A m\u00e9s, l\u2019anunci tamb\u00e9 s\u2019emetr\u00e0 en format falca a RAC1 acompanyat de tres falques m\u00e9s durant les festes de Nadal per comunicar les activitats programades a la Vall: els recorreguts del Trenet Tur\u00edstic, els sorteigs de la 48\/600, les quines o la Sant Silvestre.&nbsp;<\/p>\n\n\n\n<p>La Vall de Camprodon en tots els sentits!<\/p>\n","protected":false},"excerpt":{"rendered":"<p>L\u2019Associaci\u00f3 de Comer\u00e7 i Turisme de la Vall de Camprodon juntament amb l\u2019Estaci\u00f3 d\u2019Esqu\u00ed Vallter 2000 realitzen durant els mesos d\u2019hivern una campanya publicit\u00e0ria a 8tv per potenciar els atractius de la Vall amb anuncis de 20 i 30&#8230; L\u2019Associaci\u00f3 de Comer\u00e7 i Turisme de la Vall de Camprodon juntament amb l\u2019Estaci\u00f3 d\u2019Esqu\u00ed Vallter 2000 [&hellip;]<\/p>\n","protected":false},"author":2,"featured_media":2582,"comment_status":"closed","ping_status":"closed","sticky":false,"template":"","format":"standard","meta":{"_monsterinsights_skip_tracking":false,"_monsterinsights_sitenote_active":false,"_monsterinsights_sitenote_note":"","_monsterinsights_sitenote_category":0,"footnotes":""},"categories":[40],"tags":[],"class_list":["post-2580","post","type-post","status-publish","format-standard","has-post-thumbnail","hentry","category-accions"],"aioseo_notices":[],"_links":{"self":[{"href":"https:\/\/lavalldecamprodon.com\/index.php?rest_route=\/wp\/v2\/posts\/2580","targetHints":{"allow":["GET"]}}],"collection":[{"href":"https:\/\/lavalldecamprodon.com\/index.php?rest_route=\/wp\/v2\/posts"}],"about":[{"href":"https:\/\/lavalldecamprodon.com\/index.php?rest_route=\/wp\/v2\/types\/post"}],"author":[{"embeddable":true,"href":"https:\/\/lavalldecamprodon.com\/index.php?rest_route=\/wp\/v2\/users\/2"}],"replies":[{"embeddable":true,"href":"https:\/\/lavalldecamprodon.com\/index.php?rest_route=%2Fwp%2Fv2%2Fcomments&post=2580"}],"version-history":[{"count":1,"href":"https:\/\/lavalldecamprodon.com\/index.php?rest_route=\/wp\/v2\/posts\/2580\/revisions"}],"predecessor-version":[{"id":2581,"href":"https:\/\/lavalldecamprodon.com\/index.php?rest_route=\/wp\/v2\/posts\/2580\/revisions\/2581"}],"wp:featuredmedia":[{"embeddable":true,"href":"https:\/\/lavalldecamprodon.com\/index.php?rest_route=\/wp\/v2\/media\/2582"}],"wp:attachment":[{"href":"https:\/\/lavalldecamprodon.com\/index.php?rest_route=%2Fwp%2Fv2%2Fmedia&parent=2580"}],"wp:term":[{"taxonomy":"category","embeddable":true,"href":"https:\/\/lavalldecamprodon.com\/index.php?rest_route=%2Fwp%2Fv2%2Fcategories&post=2580"},{"taxonomy":"post_tag","embeddable":true,"href":"https:\/\/lavalldecamprodon.com\/index.php?rest_route=%2Fwp%2Fv2%2Ftags&post=2580"}],"curies":[{"name":"wp","href":"https:\/\/api.w.org\/{rel}","templated":true}]}}