{"id":2593,"date":"2014-09-19T14:58:00","date_gmt":"2014-09-19T14:58:00","guid":{"rendered":"http:\/\/lavalldecamprodon.online\/?p=2593"},"modified":"2024-04-29T14:59:59","modified_gmt":"2024-04-29T14:59:59","slug":"signat-un-conveni-amb-la-generalitat-per-impulsar-el-comerc","status":"publish","type":"post","link":"https:\/\/lavalldecamprodon.com\/?p=2593","title":{"rendered":"SIGNAT UN CONVENI AMB LA GENERALITAT PER IMPULSAR EL COMER\u00c7"},"content":{"rendered":"\n<p>El director general de Comer\u00e7, Josep Maria Recasens, va formalitzar un conveni de dinamitzaci\u00f3 amb l\u00b4Ajuntament de Camprodon i l\u00b4Associaci\u00f3 de Comer\u00e7 i Turisme de la Vall de Camprodon per impulsar un nou equipament comercial a cel obert a nivell local.<\/p>\n\n\n\n<p>El director general de Comer\u00e7, Josep Maria Recasens, es va traslladar el passat 9 de setembre a Camprodon per formalitzar amb el seu alcalde, Esteve Pujol i Bad\u00e0, i amb el president de l\u2019Associaci\u00f3 de Comer\u00e7 i Turisme de la Vall de Camprodon, Albert Bassols Basaga\u00f1a, l\u2019acord per impulsarun nou equipament comercial a cel obert al municipi.&nbsp;<\/p>\n\n\n\n<p>L\u2019objectiu d\u2019aquest conveni \u00e9s crear sinergies comercials urbanes capaces de donar resposta a les necessitats actuals dels consumidors i convertir aquest equipament comercial col\u00b7lectiu en motor de la revitalitzaci\u00f3 comercial i urban\u00edstica del seu entorn.<\/p>\n\n\n\n<p>El pla d\u2019actuaci\u00f3 \u2013gestionat per l\u2019Associaci\u00f3 de Comer\u00e7 i Turisme de la Vall de Camprodon \u2014 preveu accions com el Trenet Tur\u00edstic de la Vall de Camprodon, la Botiga al carrer, el Comer\u00e7nit, la vall de Camprodon 48\/600, la Grossa de Cap d\u2019Any, la loteria de Nadal, el concurs d\u2019il\u00b7luminaci\u00f3 nadalenca, el Pare Noel i la Coral Brins, la iniciativa FiraCanina, la guia comercial i tur\u00edstica, i publicitat a mitjans i noves tecnologies.<\/p>\n\n\n\n<p>Podeu ampliar la informaci\u00f3 a http:\/\/bit.ly\/1ml9YKF.<\/p>\n\n\n\n<figure class=\"wp-block-image size-full\"><img loading=\"lazy\" decoding=\"async\" width=\"585\" height=\"342\" src=\"http:\/\/lavalldecamprodon.online\/wp-content\/uploads\/2024\/04\/Captura-de-pantalla-2024-04-29-a-las-16.59.18.png\" alt=\"\" class=\"wp-image-2594\" srcset=\"https:\/\/lavalldecamprodon.com\/wp-content\/uploads\/2024\/04\/Captura-de-pantalla-2024-04-29-a-las-16.59.18.png 585w, https:\/\/lavalldecamprodon.com\/wp-content\/uploads\/2024\/04\/Captura-de-pantalla-2024-04-29-a-las-16.59.18-300x175.png 300w, https:\/\/lavalldecamprodon.com\/wp-content\/uploads\/2024\/04\/Captura-de-pantalla-2024-04-29-a-las-16.59.18-450x263.png 450w\" sizes=\"auto, (max-width: 585px) 100vw, 585px\" \/><\/figure>\n","protected":false},"excerpt":{"rendered":"<p>El director general de Comer\u00e7, Josep Maria Recasens, va formalitzar un conveni de dinamitzaci\u00f3 amb l\u00b4Ajuntament de Camprodon i l\u00b4Associaci\u00f3 de Comer\u00e7 i Turisme de la Vall de Camprodon per impulsar un nou equipament comercial a cel obert a nivell local. El director general de Comer\u00e7, Josep Maria Recasens, es va traslladar el passat 9 [&hellip;]<\/p>\n","protected":false},"author":2,"featured_media":0,"comment_status":"closed","ping_status":"closed","sticky":false,"template":"","format":"standard","meta":{"_monsterinsights_skip_tracking":false,"_monsterinsights_sitenote_active":false,"_monsterinsights_sitenote_note":"","_monsterinsights_sitenote_category":0,"footnotes":""},"categories":[40],"tags":[],"class_list":["post-2593","post","type-post","status-publish","format-standard","hentry","category-accions"],"aioseo_notices":[],"_links":{"self":[{"href":"https:\/\/lavalldecamprodon.com\/index.php?rest_route=\/wp\/v2\/posts\/2593","targetHints":{"allow":["GET"]}}],"collection":[{"href":"https:\/\/lavalldecamprodon.com\/index.php?rest_route=\/wp\/v2\/posts"}],"about":[{"href":"https:\/\/lavalldecamprodon.com\/index.php?rest_route=\/wp\/v2\/types\/post"}],"author":[{"embeddable":true,"href":"https:\/\/lavalldecamprodon.com\/index.php?rest_route=\/wp\/v2\/users\/2"}],"replies":[{"embeddable":true,"href":"https:\/\/lavalldecamprodon.com\/index.php?rest_route=%2Fwp%2Fv2%2Fcomments&post=2593"}],"version-history":[{"count":2,"href":"https:\/\/lavalldecamprodon.com\/index.php?rest_route=\/wp\/v2\/posts\/2593\/revisions"}],"predecessor-version":[{"id":2596,"href":"https:\/\/lavalldecamprodon.com\/index.php?rest_route=\/wp\/v2\/posts\/2593\/revisions\/2596"}],"wp:attachment":[{"href":"https:\/\/lavalldecamprodon.com\/index.php?rest_route=%2Fwp%2Fv2%2Fmedia&parent=2593"}],"wp:term":[{"taxonomy":"category","embeddable":true,"href":"https:\/\/lavalldecamprodon.com\/index.php?rest_route=%2Fwp%2Fv2%2Fcategories&post=2593"},{"taxonomy":"post_tag","embeddable":true,"href":"https:\/\/lavalldecamprodon.com\/index.php?rest_route=%2Fwp%2Fv2%2Ftags&post=2593"}],"curies":[{"name":"wp","href":"https:\/\/api.w.org\/{rel}","templated":true}]}}