{"id":2620,"date":"2014-02-06T15:11:00","date_gmt":"2014-02-06T15:11:00","guid":{"rendered":"http:\/\/lavalldecamprodon.online\/?p=2620"},"modified":"2024-04-29T15:12:37","modified_gmt":"2024-04-29T15:12:37","slug":"pel-present-i-futur-de-la-vall","status":"publish","type":"post","link":"https:\/\/lavalldecamprodon.com\/?p=2620","title":{"rendered":"PEL PRESENT I FUTUR DE LA VALL"},"content":{"rendered":"\n<p>L\u00b4Associaci\u00f3 de Comer\u00e7 i Turisme de la Vall de Camprodon segueix treballant i col\u00b7laborant amb el Departament de Comer\u00e7 i Turisme de la Generalitat.&nbsp;<\/p>\n\n\n\n<p>La progressi\u00f3 de la relaci\u00f3 fins ara \u00e9s \u00f2ptima: s\u2019ha donat per acabat definitivament el projecte del 2012, ja es t\u00e9 preparada tota la justificaci\u00f3 del projecte del 2013 -en breu es presentar\u00e0 a efectes de passar els controls pertinents-, i s\u00b4est\u00e0 treballant, per aquest 2014, en la idea d\u2019organitzar un ens supramunicipal per promocionar i publicitar, de forma conjunta i coordinada la Vall de Camprodon.<br>En concret, l\u00b4entitat seguir\u00e0 treballant amb la idea d\u00b4aglutinar tot el sector privat de la Vall per tal de ser m\u00e9s forts i aix\u00ed poder aconseguir accions de promoci\u00f3 potents que de forma indicvidual serien imposibles d\u00b4aconseguir.<br>Tamb\u00e9 es continuar\u00e0 treballant en la coordinaci\u00f3 i el treball com\u00fa amb dues enitats de refer\u00e8ncia del territori com s\u00f3n: la Mancomunitat Intermunicipal de la Vall de Camprodon i Vallter 2000. A m\u00e9s, es continuarant fent col\u00b7laboracions i acords amb altres entitats de la Vall (culturals, esportives, solidaries, associatives, etc.), que destaquen pel seu car\u00e0cter actiu dins el teixit social de la Vall de Camprodon i una alta capacitat organitzativa.&nbsp;<\/p>\n\n\n\n<p>Feu-nos arribar les vostres propostes, suggeriments i comentaris!&nbsp;<\/p>\n\n\n\n<p>ASSOCIACI\u00d3 DE COMER\u00c7 I TURISME DE LA VALL DE CAMPRODON&nbsp;<br>Qualsevol membre de la Junta&nbsp;<br>Tel\u00e8fons m\u00f2bils&nbsp;<br>609 546 303 (Xavi) \/ mail: xjunca@economistes.com<br>619 115 858 (Albert) \/ mail: albertbassols@hotmail.com<br>609 060 310 (N\u00faria) \/ nuria@calanuria.cat<br>Correu electr\u00f2nic entitat: info@camprodoncomercial.com<\/p>\n","protected":false},"excerpt":{"rendered":"<p>L\u00b4Associaci\u00f3 de Comer\u00e7 i Turisme de la Vall de Camprodon segueix treballant i col\u00b7laborant amb el Departament de Comer\u00e7 i Turisme de la Generalitat.&nbsp; La progressi\u00f3 de la relaci\u00f3 fins ara \u00e9s \u00f2ptima: s\u2019ha donat per acabat definitivament el projecte del 2012, ja es t\u00e9 preparada tota la justificaci\u00f3 del projecte del 2013 -en breu [&hellip;]<\/p>\n","protected":false},"author":2,"featured_media":2621,"comment_status":"closed","ping_status":"closed","sticky":false,"template":"","format":"standard","meta":{"_monsterinsights_skip_tracking":false,"_monsterinsights_sitenote_active":false,"_monsterinsights_sitenote_note":"","_monsterinsights_sitenote_category":0,"footnotes":""},"categories":[40],"tags":[],"class_list":["post-2620","post","type-post","status-publish","format-standard","has-post-thumbnail","hentry","category-accions"],"aioseo_notices":[],"_links":{"self":[{"href":"https:\/\/lavalldecamprodon.com\/index.php?rest_route=\/wp\/v2\/posts\/2620","targetHints":{"allow":["GET"]}}],"collection":[{"href":"https:\/\/lavalldecamprodon.com\/index.php?rest_route=\/wp\/v2\/posts"}],"about":[{"href":"https:\/\/lavalldecamprodon.com\/index.php?rest_route=\/wp\/v2\/types\/post"}],"author":[{"embeddable":true,"href":"https:\/\/lavalldecamprodon.com\/index.php?rest_route=\/wp\/v2\/users\/2"}],"replies":[{"embeddable":true,"href":"https:\/\/lavalldecamprodon.com\/index.php?rest_route=%2Fwp%2Fv2%2Fcomments&post=2620"}],"version-history":[{"count":1,"href":"https:\/\/lavalldecamprodon.com\/index.php?rest_route=\/wp\/v2\/posts\/2620\/revisions"}],"predecessor-version":[{"id":2622,"href":"https:\/\/lavalldecamprodon.com\/index.php?rest_route=\/wp\/v2\/posts\/2620\/revisions\/2622"}],"wp:featuredmedia":[{"embeddable":true,"href":"https:\/\/lavalldecamprodon.com\/index.php?rest_route=\/wp\/v2\/media\/2621"}],"wp:attachment":[{"href":"https:\/\/lavalldecamprodon.com\/index.php?rest_route=%2Fwp%2Fv2%2Fmedia&parent=2620"}],"wp:term":[{"taxonomy":"category","embeddable":true,"href":"https:\/\/lavalldecamprodon.com\/index.php?rest_route=%2Fwp%2Fv2%2Fcategories&post=2620"},{"taxonomy":"post_tag","embeddable":true,"href":"https:\/\/lavalldecamprodon.com\/index.php?rest_route=%2Fwp%2Fv2%2Ftags&post=2620"}],"curies":[{"name":"wp","href":"https:\/\/api.w.org\/{rel}","templated":true}]}}