{"id":2719,"date":"2014-04-23T14:42:00","date_gmt":"2014-04-23T14:42:00","guid":{"rendered":"http:\/\/lavalldecamprodon.online\/?p=2719"},"modified":"2024-05-13T14:43:21","modified_gmt":"2024-05-13T14:43:21","slug":"ens-obrim-a-la-vall","status":"publish","type":"post","link":"https:\/\/lavalldecamprodon.com\/?p=2719","title":{"rendered":"ENS OBRIM A LA VALL"},"content":{"rendered":"\n<p>L\u2019Associaci\u00f3 de Comer\u00e7 i Turisme t\u00e9 com a principal objectiu promocionar el comer\u00e7 i el turisme de forma conjunta, mitjan\u00e7ant la creaci\u00f3 d\u2019un producte amb imatge de marca. Seguint la nostra l\u00ednia d\u00b4actuaci\u00f3, estem acabant de lligar&#8230;<\/p>\n\n\n\n<p>L\u2019Associaci\u00f3 de Comer\u00e7 i Turisme t\u00e9 com a principal objectiu promocionar el comer\u00e7 i el turisme de forma conjunta, mitjan\u00e7ant la creaci\u00f3 d\u2019un producte amb imatge de marca.&nbsp;<\/p>\n\n\n\n<p>Seguint la nostra l\u00ednia d\u00b4actuaci\u00f3, estem acabant de lligar una agenda de presentacions als municipis de la Vall de Camprodon i poder explicar el nostre projecte de treball.<\/p>\n","protected":false},"excerpt":{"rendered":"<p>L\u2019Associaci\u00f3 de Comer\u00e7 i Turisme t\u00e9 com a principal objectiu promocionar el comer\u00e7 i el turisme de forma conjunta, mitjan\u00e7ant la creaci\u00f3 d\u2019un producte amb imatge de marca. Seguint la nostra l\u00ednia d\u00b4actuaci\u00f3, estem acabant de lligar&#8230; L\u2019Associaci\u00f3 de Comer\u00e7 i Turisme t\u00e9 com a principal objectiu promocionar el comer\u00e7 i el turisme de forma [&hellip;]<\/p>\n","protected":false},"author":2,"featured_media":2621,"comment_status":"closed","ping_status":"closed","sticky":false,"template":"","format":"standard","meta":{"_monsterinsights_skip_tracking":false,"_monsterinsights_sitenote_active":false,"_monsterinsights_sitenote_note":"","_monsterinsights_sitenote_category":0,"footnotes":""},"categories":[41],"tags":[],"class_list":["post-2719","post","type-post","status-publish","format-standard","has-post-thumbnail","hentry","category-informatiu"],"aioseo_notices":[],"_links":{"self":[{"href":"https:\/\/lavalldecamprodon.com\/index.php?rest_route=\/wp\/v2\/posts\/2719","targetHints":{"allow":["GET"]}}],"collection":[{"href":"https:\/\/lavalldecamprodon.com\/index.php?rest_route=\/wp\/v2\/posts"}],"about":[{"href":"https:\/\/lavalldecamprodon.com\/index.php?rest_route=\/wp\/v2\/types\/post"}],"author":[{"embeddable":true,"href":"https:\/\/lavalldecamprodon.com\/index.php?rest_route=\/wp\/v2\/users\/2"}],"replies":[{"embeddable":true,"href":"https:\/\/lavalldecamprodon.com\/index.php?rest_route=%2Fwp%2Fv2%2Fcomments&post=2719"}],"version-history":[{"count":1,"href":"https:\/\/lavalldecamprodon.com\/index.php?rest_route=\/wp\/v2\/posts\/2719\/revisions"}],"predecessor-version":[{"id":2720,"href":"https:\/\/lavalldecamprodon.com\/index.php?rest_route=\/wp\/v2\/posts\/2719\/revisions\/2720"}],"wp:featuredmedia":[{"embeddable":true,"href":"https:\/\/lavalldecamprodon.com\/index.php?rest_route=\/wp\/v2\/media\/2621"}],"wp:attachment":[{"href":"https:\/\/lavalldecamprodon.com\/index.php?rest_route=%2Fwp%2Fv2%2Fmedia&parent=2719"}],"wp:term":[{"taxonomy":"category","embeddable":true,"href":"https:\/\/lavalldecamprodon.com\/index.php?rest_route=%2Fwp%2Fv2%2Fcategories&post=2719"},{"taxonomy":"post_tag","embeddable":true,"href":"https:\/\/lavalldecamprodon.com\/index.php?rest_route=%2Fwp%2Fv2%2Ftags&post=2719"}],"curies":[{"name":"wp","href":"https:\/\/api.w.org\/{rel}","templated":true}]}}