{"id":2731,"date":"2012-02-02T15:02:00","date_gmt":"2012-02-02T15:02:00","guid":{"rendered":"http:\/\/lavalldecamprodon.online\/?p=2731"},"modified":"2024-05-13T15:05:22","modified_gmt":"2024-05-13T15:05:22","slug":"pla-renovat-denllumenat-per-a-comercos-2012","status":"publish","type":"post","link":"https:\/\/lavalldecamprodon.com\/?p=2731","title":{"rendered":"PLA RENOVA\u00b4T D\u00b4ENLLUMENAT PER A COMER\u00c7OS 2012"},"content":{"rendered":"\n<p>Resum de l\u00b4activitat:<\/p>\n\n\n\n<p>Ajuts destinats a la substituci\u00f3 de l\u00b4enllumenat interior de comer\u00e7os i altres establiments de cara al p\u00fablic per tecnologies m\u00e9s eficients. L\u00b4ajut tamb\u00e9 s\u00b4aplica a la incorporaci\u00f3 o substituci\u00f3 de sistemes de control i de regulaci\u00f3 de l\u00b4enllumenat i detectors de pres\u00e8ncia entre d\u00b4altres.<\/p>\n\n\n\n<p>El termini per presentar sol\u00b7licituds \u00e9s del 15 de febrer del 2012 fins el 30 d\u00b4abril del 2012, o fins l\u00b4exhauriment del pressupost disponible.<\/p>\n\n\n\n<p>M\u00e9s la informaci\u00f3 al web del Pla Renova\u00b4t i al web de l<em>\u00b4I<\/em>nstitut Catal\u00e0 d\u00b4Energia:<br><strong><a href=\"http:\/\/www.plarenovat.cat\/\">http:\/\/www.plarenovat.cat\/<\/a><br><a href=\"http:\/\/www20.gencat.cat\/portal\/site\/icaen\">http:\/\/www20.gencat.cat\/portal\/site\/icaen<\/a><\/strong><\/p>\n\n\n\n<p><strong>Objecte:<\/strong><br>&#8211; Substituci\u00f3 de l&#8217;enllumenat interior per tecnologies m\u00e9s eficients (que permetin reduir la pot\u00e8ncia instal\u00b7lada en l&#8217;enllumenat almenys en un 30% anual)<br>&#8211; Incorporaci\u00f3 o substituci\u00f3 de sistemes de control i de regulaci\u00f3 de l&#8217;enllumenat i detectors de pres\u00e8ncia, entre d&#8217;altres (aconseguint un estalvi el\u00e8ctric de, almenys, un 20% anual respecte a la instal\u00b7laci\u00f3 sense control o regulaci\u00f3)<br>La\u00a0<strong>inversi\u00f3 m\u00ednima<\/strong>\u00a0que s&#8217;ha de realitzar per poder sol\u00b7licitar la subvenci\u00f3 \u00e9s de\u00a0<strong>1.000 euros<\/strong>.<br><br><strong>Quantia dels ajuts:<\/strong><br>La quantia de l&#8217;ajut ser\u00e0 com a m\u00e0xim d&#8217;un 30% del cost elegible de la nova instal\u00b7laci\u00f3 d&#8217;il\u00b7luminaci\u00f3.<br><br><strong>Termini de presentaci\u00f3 de sol\u00b7licituds:<\/strong><br>El termini de presentaci\u00f3 de sol\u00b7licituds ser\u00e0\u00a0<strong>des del 15 de febrer de 2012 fins al 30 d&#8217;abril del 2012<\/strong>, o fins a l&#8217;exhauriment del pressupost.<br>Els ajuts\u00a0<strong>es concedeixen per ordre d&#8217;entrada<\/strong>\u00a0de les sol\u00b7licituds (r\u00e8gim reglat).<br><br><strong>Termini d&#8217;execuci\u00f3:<\/strong><br>La compra i la instal\u00b7laci\u00f3 de les tecnologies d&#8217;enllumenat subvencionades es pot realitzar entre l&#8217;1 de gener de 2012 i el 28 de setembre de 2012.<br><br><strong>Termini de justificaci\u00f3:<\/strong><br>Caldr\u00e0 justificar la despesa com a m\u00e0xim el 28 de setembre del 2012.<br><br><strong>Beneficiaris i requisits:<\/strong><br>Podran sol\u00b7licitar els ajuts totes les persones f\u00edsiques i jur\u00eddiques que s&#8217;indiquen a continuaci\u00f3, sempre que realitzin una activitat comercial o d&#8217;atenci\u00f3 al p\u00fablic:<br>&#8211; Empreses constitu\u00efdes amb personalitat jur\u00eddica pr\u00f2pia<br>&#8211; S&#8217;entendr\u00e0 per empresa qualsevol entitat que realitzi una activitat econ\u00f2mica, amb independ\u00e8ncia del seu estatut jur\u00eddic i de la seva forma de finan\u00e7ament. I per activitat econ\u00f2mica, tota activitat consistent a oferir b\u00e9ns i serveis en un determinat mercat i que podria, en principi, ser desenvolupada per un operador privat amb finalitat d&#8217;obtenir beneficis<br>&#8211; Persones f\u00edsiques que desenvolupen una activitat empresarial<br><br><strong>Presentaci\u00f3 de sol\u00b7licituds:<\/strong><br>El sol\u00b7licitant de l&#8217;ajut \u00e9s el responsable de la presentaci\u00f3 de la sol\u00b7licitud dins el termini establert, juntament amb la documentaci\u00f3 exigida; tot i que les empreses comercialitzadores adherides al Pla facilitaran els tr\u00e0mits per a la presentaci\u00f3 de les sol\u00b7licituds als seus clients.<\/p>\n","protected":false},"excerpt":{"rendered":"<p>Resum de l\u00b4activitat: Ajuts destinats a la substituci\u00f3 de l\u00b4enllumenat interior de comer\u00e7os i altres establiments de cara al p\u00fablic per tecnologies m\u00e9s eficients. L\u00b4ajut tamb\u00e9 s\u00b4aplica a la incorporaci\u00f3 o substituci\u00f3 de sistemes de control i de regulaci\u00f3 de l\u00b4enllumenat i detectors de pres\u00e8ncia entre d\u00b4altres. El termini per presentar sol\u00b7licituds \u00e9s del 15 [&hellip;]<\/p>\n","protected":false},"author":2,"featured_media":2621,"comment_status":"closed","ping_status":"closed","sticky":false,"template":"","format":"standard","meta":{"_monsterinsights_skip_tracking":false,"_monsterinsights_sitenote_active":false,"_monsterinsights_sitenote_note":"","_monsterinsights_sitenote_category":0,"footnotes":""},"categories":[41],"tags":[],"class_list":["post-2731","post","type-post","status-publish","format-standard","has-post-thumbnail","hentry","category-informatiu"],"aioseo_notices":[],"_links":{"self":[{"href":"https:\/\/lavalldecamprodon.com\/index.php?rest_route=\/wp\/v2\/posts\/2731","targetHints":{"allow":["GET"]}}],"collection":[{"href":"https:\/\/lavalldecamprodon.com\/index.php?rest_route=\/wp\/v2\/posts"}],"about":[{"href":"https:\/\/lavalldecamprodon.com\/index.php?rest_route=\/wp\/v2\/types\/post"}],"author":[{"embeddable":true,"href":"https:\/\/lavalldecamprodon.com\/index.php?rest_route=\/wp\/v2\/users\/2"}],"replies":[{"embeddable":true,"href":"https:\/\/lavalldecamprodon.com\/index.php?rest_route=%2Fwp%2Fv2%2Fcomments&post=2731"}],"version-history":[{"count":2,"href":"https:\/\/lavalldecamprodon.com\/index.php?rest_route=\/wp\/v2\/posts\/2731\/revisions"}],"predecessor-version":[{"id":2733,"href":"https:\/\/lavalldecamprodon.com\/index.php?rest_route=\/wp\/v2\/posts\/2731\/revisions\/2733"}],"wp:featuredmedia":[{"embeddable":true,"href":"https:\/\/lavalldecamprodon.com\/index.php?rest_route=\/wp\/v2\/media\/2621"}],"wp:attachment":[{"href":"https:\/\/lavalldecamprodon.com\/index.php?rest_route=%2Fwp%2Fv2%2Fmedia&parent=2731"}],"wp:term":[{"taxonomy":"category","embeddable":true,"href":"https:\/\/lavalldecamprodon.com\/index.php?rest_route=%2Fwp%2Fv2%2Fcategories&post=2731"},{"taxonomy":"post_tag","embeddable":true,"href":"https:\/\/lavalldecamprodon.com\/index.php?rest_route=%2Fwp%2Fv2%2Ftags&post=2731"}],"curies":[{"name":"wp","href":"https:\/\/api.w.org\/{rel}","templated":true}]}}