{"id":2737,"date":"2011-11-30T15:25:00","date_gmt":"2011-11-30T15:25:00","guid":{"rendered":"http:\/\/lavalldecamprodon.online\/?p=2737"},"modified":"2024-05-13T15:26:25","modified_gmt":"2024-05-13T15:26:25","slug":"inauguracio-del-trenet-turistic","status":"publish","type":"post","link":"https:\/\/lavalldecamprodon.com\/?p=2737","title":{"rendered":"INAUGURACI\u00d3 DEL TRENET TUR\u00cdSTIC"},"content":{"rendered":"\n<p>Us esperem el divendres 2 de desembre, a les 17h.<\/p>\n\n\n\n<p>L\u2019Associaci\u00f3 de Comer\u00e7 i Turisme de la Vall de Camprodon , us complau a convidar-vos a la inauguraci\u00f3 del Trenet de Camprodon que tindr\u00e0 lloc el proper dia 2 de desembre a les 17h a l\u2019estaci\u00f3 de bus. Volem fer-vos part\u00edcips d\u2019un esdeveniment que ens acompanyar\u00e0 totes les festes de Nadal, per donar un entreteniment d\u2019inter\u00e8s tur\u00edstic i a la vegada de diversi\u00f3, ja que el trenet donar\u00e0 voltes per tot Camprodon amb una locuci\u00f3 per con\u00e8ixer millor tots els racons del nostre estimat poble.<\/p>\n\n\n\n<p>De cara al futur, i en funci\u00f3 dels resultats d\u2019aquesta primera experi\u00e8ncia, estem preparant rutes per tota la Vall.<\/p>\n\n\n\n<p>US HI ESPEREM&#8230;.<\/p>\n","protected":false},"excerpt":{"rendered":"<p>Us esperem el divendres 2 de desembre, a les 17h. L\u2019Associaci\u00f3 de Comer\u00e7 i Turisme de la Vall de Camprodon , us complau a convidar-vos a la inauguraci\u00f3 del Trenet de Camprodon que tindr\u00e0 lloc el proper dia 2 de desembre a les 17h a l\u2019estaci\u00f3 de bus. Volem fer-vos part\u00edcips d\u2019un esdeveniment que ens [&hellip;]<\/p>\n","protected":false},"author":2,"featured_media":2738,"comment_status":"closed","ping_status":"closed","sticky":false,"template":"","format":"standard","meta":{"_monsterinsights_skip_tracking":false,"_monsterinsights_sitenote_active":false,"_monsterinsights_sitenote_note":"","_monsterinsights_sitenote_category":0,"footnotes":""},"categories":[39],"tags":[],"class_list":["post-2737","post","type-post","status-publish","format-standard","has-post-thumbnail","hentry","category-activitats"],"aioseo_notices":[],"_links":{"self":[{"href":"https:\/\/lavalldecamprodon.com\/index.php?rest_route=\/wp\/v2\/posts\/2737","targetHints":{"allow":["GET"]}}],"collection":[{"href":"https:\/\/lavalldecamprodon.com\/index.php?rest_route=\/wp\/v2\/posts"}],"about":[{"href":"https:\/\/lavalldecamprodon.com\/index.php?rest_route=\/wp\/v2\/types\/post"}],"author":[{"embeddable":true,"href":"https:\/\/lavalldecamprodon.com\/index.php?rest_route=\/wp\/v2\/users\/2"}],"replies":[{"embeddable":true,"href":"https:\/\/lavalldecamprodon.com\/index.php?rest_route=%2Fwp%2Fv2%2Fcomments&post=2737"}],"version-history":[{"count":1,"href":"https:\/\/lavalldecamprodon.com\/index.php?rest_route=\/wp\/v2\/posts\/2737\/revisions"}],"predecessor-version":[{"id":2739,"href":"https:\/\/lavalldecamprodon.com\/index.php?rest_route=\/wp\/v2\/posts\/2737\/revisions\/2739"}],"wp:featuredmedia":[{"embeddable":true,"href":"https:\/\/lavalldecamprodon.com\/index.php?rest_route=\/wp\/v2\/media\/2738"}],"wp:attachment":[{"href":"https:\/\/lavalldecamprodon.com\/index.php?rest_route=%2Fwp%2Fv2%2Fmedia&parent=2737"}],"wp:term":[{"taxonomy":"category","embeddable":true,"href":"https:\/\/lavalldecamprodon.com\/index.php?rest_route=%2Fwp%2Fv2%2Fcategories&post=2737"},{"taxonomy":"post_tag","embeddable":true,"href":"https:\/\/lavalldecamprodon.com\/index.php?rest_route=%2Fwp%2Fv2%2Ftags&post=2737"}],"curies":[{"name":"wp","href":"https:\/\/api.w.org\/{rel}","templated":true}]}}