{"id":2761,"date":"2011-10-13T15:55:00","date_gmt":"2011-10-13T15:55:00","guid":{"rendered":"http:\/\/lavalldecamprodon.online\/?p=2761"},"modified":"2024-05-13T15:55:50","modified_gmt":"2024-05-13T15:55:50","slug":"llei-de-proteccio-de-dades","status":"publish","type":"post","link":"https:\/\/lavalldecamprodon.com\/?p=2761","title":{"rendered":"LLEI DE PROTECCI\u00d3 DE DADES"},"content":{"rendered":"\n<p>Conjuntament, la UIER i OPERDATA, amb la col\u00b7laboraci\u00f3 de l\u2019Associaci\u00f3 de Comer\u00e7 i Turisme de la Vall de Camprodon, us ofereix un servei seri\u00f3s i garantit de protecci\u00f3 de dades.&nbsp;<\/p>\n\n\n\n<p>La UIER ( Uni\u00f3 Intersectorial del Ripoll\u00e8s), conjuntament amb OPERDATA empresa l\u00edder en Consultoria de Protecci\u00f3 de Dades a la prov\u00edncia i amb la col\u00b7laboraci\u00f3 de l\u2019Associaci\u00f3 de Comer\u00e7 i Turisme de la Vall de Camprodon, us ofereix un servei seri\u00f3s i garantit per tal que la vostra empresa estigui al dia en normativa de protecci\u00f3 de dades. En concret:<\/p>\n\n\n\n<p>a. Informaci\u00f3 i diagnosi sense cost ni comprom\u00eds.<br>b. Descompte i tracte preferencial per a tots els comer\u00e7os associats a l\u2019Associaci\u00f3 de Comer\u00e7 i Turisme de la Vall de Camprodon.<br>c. Emissi\u00f3 de Certificat d\u2019Exempci\u00f3 totalment gratu\u00eft per a tots els establiments en els quals es detecti que la implementaci\u00f3 de la LOPD no \u00e9s obligat\u00f2ria segons la normativa vigent.<br>d. Emissi\u00f3 de Certificat d\u2019Idone\u00eftat incl\u00f2s amb el servei.<\/p>\n\n\n\n<p>Si esteu interessats en aquests servei, poseu-vos en contacte amb la Junta o truqueu directament a la UIER demanant per Mila Guinart i Vilalta &#8211; 972 703 111. Identifiqueu-vos com a membre associat a l\u2019Associaci\u00f3 de Comer\u00e7 i Turisme de la Vall Camprodon.<\/p>\n","protected":false},"excerpt":{"rendered":"<p>Conjuntament, la UIER i OPERDATA, amb la col\u00b7laboraci\u00f3 de l\u2019Associaci\u00f3 de Comer\u00e7 i Turisme de la Vall de Camprodon, us ofereix un servei seri\u00f3s i garantit de protecci\u00f3 de dades.&nbsp; La UIER ( Uni\u00f3 Intersectorial del Ripoll\u00e8s), conjuntament amb OPERDATA empresa l\u00edder en Consultoria de Protecci\u00f3 de Dades a la prov\u00edncia i amb la col\u00b7laboraci\u00f3 [&hellip;]<\/p>\n","protected":false},"author":2,"featured_media":2621,"comment_status":"closed","ping_status":"closed","sticky":false,"template":"","format":"standard","meta":{"_monsterinsights_skip_tracking":false,"_monsterinsights_sitenote_active":false,"_monsterinsights_sitenote_note":"","_monsterinsights_sitenote_category":0,"footnotes":""},"categories":[41],"tags":[],"class_list":["post-2761","post","type-post","status-publish","format-standard","has-post-thumbnail","hentry","category-informatiu"],"aioseo_notices":[],"_links":{"self":[{"href":"https:\/\/lavalldecamprodon.com\/index.php?rest_route=\/wp\/v2\/posts\/2761","targetHints":{"allow":["GET"]}}],"collection":[{"href":"https:\/\/lavalldecamprodon.com\/index.php?rest_route=\/wp\/v2\/posts"}],"about":[{"href":"https:\/\/lavalldecamprodon.com\/index.php?rest_route=\/wp\/v2\/types\/post"}],"author":[{"embeddable":true,"href":"https:\/\/lavalldecamprodon.com\/index.php?rest_route=\/wp\/v2\/users\/2"}],"replies":[{"embeddable":true,"href":"https:\/\/lavalldecamprodon.com\/index.php?rest_route=%2Fwp%2Fv2%2Fcomments&post=2761"}],"version-history":[{"count":1,"href":"https:\/\/lavalldecamprodon.com\/index.php?rest_route=\/wp\/v2\/posts\/2761\/revisions"}],"predecessor-version":[{"id":2762,"href":"https:\/\/lavalldecamprodon.com\/index.php?rest_route=\/wp\/v2\/posts\/2761\/revisions\/2762"}],"wp:featuredmedia":[{"embeddable":true,"href":"https:\/\/lavalldecamprodon.com\/index.php?rest_route=\/wp\/v2\/media\/2621"}],"wp:attachment":[{"href":"https:\/\/lavalldecamprodon.com\/index.php?rest_route=%2Fwp%2Fv2%2Fmedia&parent=2761"}],"wp:term":[{"taxonomy":"category","embeddable":true,"href":"https:\/\/lavalldecamprodon.com\/index.php?rest_route=%2Fwp%2Fv2%2Fcategories&post=2761"},{"taxonomy":"post_tag","embeddable":true,"href":"https:\/\/lavalldecamprodon.com\/index.php?rest_route=%2Fwp%2Fv2%2Ftags&post=2761"}],"curies":[{"name":"wp","href":"https:\/\/api.w.org\/{rel}","templated":true}]}}